{"id":236119,"date":"2025-05-05T11:45:13","date_gmt":"2025-05-05T14:45:13","guid":{"rendered":"https:\/\/cooprc.com.ar\/v1\/festejo-del-dia-del-animal\/"},"modified":"2025-05-05T11:45:13","modified_gmt":"2025-05-05T14:45:13","slug":"festejo-del-dia-del-animal","status":"publish","type":"post","link":"https:\/\/cooprc.com.ar\/v1\/festejo-del-dia-del-animal\/","title":{"rendered":"Festejo del D\u00eda del Animal"},"content":{"rendered":"<p><span style=\"color: #000000;font-family: -apple-system, BlinkMacSystemFont, 'Segoe UI', Roboto, Helvetica, Arial, sans-serif;font-size: 14px\">\ud83d\udc36\ud83d\udc31 FESTEJO DEL DIA DEL ANIMAL<\/span><br style=\"color: #000000;font-family: -apple-system, BlinkMacSystemFont, 'Segoe UI', Roboto, Helvetica, Arial, sans-serif;font-size: 14px\" \/><span style=\"color: #000000;font-family: -apple-system, BlinkMacSystemFont, 'Segoe UI', Roboto, Helvetica, Arial, sans-serif;font-size: 14px\">\ud83d\udc68\ud83c\udffc\u200d\u2695\ufe0fVETERINARIA MAICH<\/span><br style=\"color: #000000;font-family: -apple-system, BlinkMacSystemFont, 'Segoe UI', Roboto, Helvetica, Arial, sans-serif;font-size: 14px\" \/><span style=\"color: #000000;font-family: -apple-system, BlinkMacSystemFont, 'Segoe UI', Roboto, Helvetica, Arial, sans-serif;font-size: 14px\">Bajo el lema &#8220;Protejamos el Medio Ambiente&#8221; el Dr. Maich organiz\u00f3, c\u00f3mo desde hace m\u00e1s de 20 a\u00f1os, la celebraci\u00f3n de esta fecha, en la cual siempre se busca concientizar sobre el cuidado responsable de nuestras mascotas y el respeto a la fauna silvestre.<\/span><br style=\"color: #000000;font-family: -apple-system, BlinkMacSystemFont, 'Segoe UI', Roboto, Helvetica, Arial, sans-serif;font-size: 14px\" \/><span style=\"color: #000000;font-family: -apple-system, BlinkMacSystemFont, 'Segoe UI', Roboto, Helvetica, Arial, sans-serif;font-size: 14px\">En este d\u00eda se premi\u00f3 a los alumnos de distintos colegios que presentan sus dibujos y al p\u00fablico en general que participa con fotos, producciones art\u00edsticas y concurso de disfraces de mascotas \ud83d\udc36\ud83d\udc31<\/span><br style=\"color: #000000;font-family: -apple-system, BlinkMacSystemFont, 'Segoe UI', Roboto, Helvetica, Arial, sans-serif;font-size: 14px\" \/><span style=\"color: #000000;font-family: -apple-system, BlinkMacSystemFont, 'Segoe UI', Roboto, Helvetica, Arial, sans-serif;font-size: 14px\">Agradecemos al Dr. Maich por permitirnos colaborar en la organizaci\u00f3n de este festejo y por su constante trabajo de educaci\u00f3n sobre tenencia responsable de mascotas y cuidado del ambiente.<\/span><br style=\"color: #000000;font-family: -apple-system, BlinkMacSystemFont, 'Segoe UI', Roboto, Helvetica, Arial, sans-serif;font-size: 14px\" \/><span style=\"color: #000000;font-family: -apple-system, BlinkMacSystemFont, 'Segoe UI', Roboto, Helvetica, Arial, sans-serif;font-size: 14px\">Nos vemos el pr\u00f3ximo a\u00f1o!<\/span><br style=\"color: #000000;font-family: -apple-system, BlinkMacSystemFont, 'Segoe UI', Roboto, Helvetica, Arial, sans-serif;font-size: 14px\" \/><br style=\"color: #000000;font-family: -apple-system, BlinkMacSystemFont, 'Segoe UI', Roboto, Helvetica, Arial, sans-serif;font-size: 14px\" \/><a class=\"x1i10hfl xjbqb8w x1ejq31n xd10rxx x1sy0etr x17r0tee x972fbf xcfux6l x1qhh985 xm0m39n x9f619 x1ypdohk xt0psk2 xe8uvvx xdj266r x11i5rnm xat24cr x1mh8g0r xexx8yu x4uap5 x18d9i69 xkhd6sd x16tdsg8 x1hl2dhg xggy1nq x1a2a7pz  _aa9_ _a6hd\" style=\"color: #4150f7;cursor: pointer;margin: 0px;border-style: none;padding: 0px;border-width: 0px;display: inline;font-family: -apple-system, BlinkMacSystemFont, 'Segoe UI', Roboto, Helvetica, Arial, sans-serif;font-size: 14px\" role=\"link\" href=\"https:\/\/www.instagram.com\/explore\/tags\/cuidemoselambiente\/?hl=es-es\">#cuidemoselambiente<\/a><span style=\"color: #000000;font-family: -apple-system, BlinkMacSystemFont, 'Segoe UI', Roboto, Helvetica, Arial, sans-serif;font-size: 14px\">\u00a0<\/span><a class=\"x1i10hfl xjbqb8w x1ejq31n xd10rxx x1sy0etr x17r0tee x972fbf xcfux6l x1qhh985 xm0m39n x9f619 x1ypdohk xt0psk2 xe8uvvx xdj266r x11i5rnm xat24cr x1mh8g0r xexx8yu x4uap5 x18d9i69 xkhd6sd x16tdsg8 x1hl2dhg xggy1nq x1a2a7pz  _aa9_ _a6hd\" style=\"color: #4150f7;cursor: pointer;margin: 0px;border-style: none;padding: 0px;border-width: 0px;display: inline;font-family: -apple-system, BlinkMacSystemFont, 'Segoe UI', Roboto, Helvetica, Arial, sans-serif;font-size: 14px\" role=\"link\" href=\"https:\/\/www.instagram.com\/explore\/tags\/respetoanimal\/?hl=es-es\">#respetoanimal<\/a><br style=\"color: #000000;font-family: -apple-system, BlinkMacSystemFont, 'Segoe UI', Roboto, Helvetica, Arial, sans-serif;font-size: 14px\" \/><a class=\"x1i10hfl xjbqb8w x1ejq31n xd10rxx x1sy0etr x17r0tee x972fbf xcfux6l x1qhh985 xm0m39n x9f619 x1ypdohk xt0psk2 xe8uvvx xdj266r x11i5rnm xat24cr x1mh8g0r xexx8yu x4uap5 x18d9i69 xkhd6sd x16tdsg8 x1hl2dhg xggy1nq x1a2a7pz  _aa9_ _a6hd\" style=\"color: #4150f7;cursor: pointer;margin: 0px;border-style: none;padding: 0px;border-width: 0px;display: inline;font-family: -apple-system, BlinkMacSystemFont, 'Segoe UI', Roboto, Helvetica, Arial, sans-serif;font-size: 14px\" role=\"link\" href=\"https:\/\/www.instagram.com\/explore\/tags\/cooperativaderioceballos\/?hl=es-es\">#cooperativaderioceballos<\/a><\/p>\n","protected":false},"excerpt":{"rendered":"<p>\ud83d\udc36\ud83d\udc31 FESTEJO DEL DIA DEL ANIMAL\ud83d\udc68\ud83c\udffc\u200d\u2695\ufe0fVETERINARIA MAICHBajo el lema &#8220;Protejamos el Medio Ambiente&#8221; el Dr. Maich organiz\u00f3, c\u00f3mo desde hace m\u00e1s de 20 a\u00f1os, la celebraci\u00f3n de esta fecha, en la cual siempre se busca concientizar sobre el cuidado responsable de nuestras mascotas y el respeto a la fauna silvestre.En este d\u00eda se premi\u00f3 a [&hellip;]<\/p>\n","protected":false},"author":2,"featured_media":236118,"comment_status":"open","ping_status":"open","sticky":false,"template":"","format":"standard","meta":{"_acf_changed":false,"_et_pb_use_builder":"","_et_pb_old_content":"","_et_gb_content_width":"","footnotes":""},"categories":[49],"tags":[],"class_list":["post-236119","post","type-post","status-publish","format-standard","has-post-thumbnail","hentry","category-ambiente"],"acf":[],"_links":{"self":[{"href":"https:\/\/cooprc.com.ar\/v1\/wp-json\/wp\/v2\/posts\/236119","targetHints":{"allow":["GET"]}}],"collection":[{"href":"https:\/\/cooprc.com.ar\/v1\/wp-json\/wp\/v2\/posts"}],"about":[{"href":"https:\/\/cooprc.com.ar\/v1\/wp-json\/wp\/v2\/types\/post"}],"author":[{"embeddable":true,"href":"https:\/\/cooprc.com.ar\/v1\/wp-json\/wp\/v2\/users\/2"}],"replies":[{"embeddable":true,"href":"https:\/\/cooprc.com.ar\/v1\/wp-json\/wp\/v2\/comments?post=236119"}],"version-history":[{"count":1,"href":"https:\/\/cooprc.com.ar\/v1\/wp-json\/wp\/v2\/posts\/236119\/revisions"}],"predecessor-version":[{"id":236120,"href":"https:\/\/cooprc.com.ar\/v1\/wp-json\/wp\/v2\/posts\/236119\/revisions\/236120"}],"wp:featuredmedia":[{"embeddable":true,"href":"https:\/\/cooprc.com.ar\/v1\/wp-json\/wp\/v2\/media\/236118"}],"wp:attachment":[{"href":"https:\/\/cooprc.com.ar\/v1\/wp-json\/wp\/v2\/media?parent=236119"}],"wp:term":[{"taxonomy":"category","embeddable":true,"href":"https:\/\/cooprc.com.ar\/v1\/wp-json\/wp\/v2\/categories?post=236119"},{"taxonomy":"post_tag","embeddable":true,"href":"https:\/\/cooprc.com.ar\/v1\/wp-json\/wp\/v2\/tags?post=236119"}],"curies":[{"name":"wp","href":"https:\/\/api.w.org\/{rel}","templated":true}]}}