{"id":236544,"date":"2026-09-01T10:41:27","date_gmt":"2026-09-01T13:41:27","guid":{"rendered":"https:\/\/cooprc.com.ar\/v1\/expo-agua-2026\/"},"modified":"2026-09-01T10:42:49","modified_gmt":"2026-09-01T13:42:49","slug":"expo-agua-2026","status":"publish","type":"post","link":"https:\/\/cooprc.com.ar\/v1\/expo-agua-2026\/","title":{"rendered":"Expo Agua 2026"},"content":{"rendered":"<p>\u00a1Se viene la 4ta Edici\u00f3n de la Expo Agua!<\/p>\n<p><span class=\"a_GcMg font-feature-liga-off font-feature-clig-off font-feature-calt-off text-decoration-none text-strikethrough-none\" style=\"--ys-xuq: none\">A trav\u00e9s del programa educativo de la Cooperativa, realizamos de manera anual una exposici\u00f3n, en la que las distintas instituciones educativas de la ciudad de R\u00edo Ceballos y la regi\u00f3n presentan proyectos e investigaciones cuyo eje principal es el uso, cuidado, promoci\u00f3n y preservaci\u00f3n del <\/span><span class=\"a_GcMg font-feature-liga-off font-feature-clig-off font-feature-calt-off text-decoration-none text-strikethrough-none\" style=\"--ys-xuq: none\">AGUA <\/span><span class=\"a_GcMg font-feature-liga-off font-feature-clig-off font-feature-calt-off text-decoration-none text-strikethrough-none\" style=\"--ys-xuq: none\">y el <\/span><span class=\"a_GcMg font-feature-liga-off font-feature-clig-off font-feature-calt-off text-decoration-none text-strikethrough-none\" style=\"--ys-xuq: none\">AMBIENTE<\/span><span class=\"a_GcMg font-feature-liga-off font-feature-clig-off font-feature-calt-off text-decoration-none text-strikethrough-none\" style=\"--ys-xuq: none\">.<\/span><\/p>\n<p>La edici\u00f3n 2026 tendr\u00e1 lugar en:<br style=\"color: #0c1014;font-family: -apple-system, BlinkMacSystemFont, &#039;Segoe UI&#039;, Roboto, Helvetica, Arial, sans-serif;font-size: 14px\" \/><span style=\"color: #0c1014;font-family: -apple-system, BlinkMacSystemFont, &#039;Segoe UI&#039;, Roboto, Helvetica, Arial, sans-serif;font-size: 14px\">\ud83d\uddd3\ufe0f 1 de octubre<\/span><br style=\"color: #0c1014;font-family: -apple-system, BlinkMacSystemFont, &#039;Segoe UI&#039;, Roboto, Helvetica, Arial, sans-serif;font-size: 14px\" \/><span style=\"color: #0c1014;font-family: -apple-system, BlinkMacSystemFont, &#039;Segoe UI&#039;, Roboto, Helvetica, Arial, sans-serif;font-size: 14px\">\ud83d\udd5a 11 a 15 h.<\/span><br style=\"color: #0c1014;font-family: -apple-system, BlinkMacSystemFont, &#039;Segoe UI&#039;, Roboto, Helvetica, Arial, sans-serif;font-size: 14px\" \/><span style=\"color: #0c1014;font-family: -apple-system, BlinkMacSystemFont, &#039;Segoe UI&#039;, Roboto, Helvetica, Arial, sans-serif;font-size: 14px\">\ud83d\udccd Rio Ceballos<\/span><br style=\"color: #0c1014;font-family: -apple-system, BlinkMacSystemFont, &#039;Segoe UI&#039;, Roboto, Helvetica, Arial, sans-serif;font-size: 14px\" \/><br style=\"color: #0c1014;font-family: -apple-system, BlinkMacSystemFont, &#039;Segoe UI&#039;, Roboto, Helvetica, Arial, sans-serif;font-size: 14px\" \/><span style=\"color: #0c1014;font-family: -apple-system, BlinkMacSystemFont, &#039;Segoe UI&#039;, Roboto, Helvetica, Arial, sans-serif;font-size: 14px\">\u00bfQuer\u00e9s saber m\u00e1s sobre la Expo Agua y tambi\u00e9n solicitar el enlace de inscripci\u00f3n? Escribinos a:<\/span><br style=\"color: #0c1014;font-family: -apple-system, BlinkMacSystemFont, &#039;Segoe UI&#039;, Roboto, Helvetica, Arial, sans-serif;font-size: 14px\" \/><span style=\"color: #0c1014;font-family: -apple-system, BlinkMacSystemFont, &#039;Segoe UI&#039;, Roboto, Helvetica, Arial, sans-serif;font-size: 14px\">\ud83d\udce7 comunicacioncooprc@gmail.com<\/span><br style=\"color: #0c1014;font-family: -apple-system, BlinkMacSystemFont, &#039;Segoe UI&#039;, Roboto, Helvetica, Arial, sans-serif;font-size: 14px\" \/><span style=\"color: #0c1014;font-family: -apple-system, BlinkMacSystemFont, &#039;Segoe UI&#039;, Roboto, Helvetica, Arial, sans-serif;font-size: 14px\">\ud83d\udcf1 3543 611697<\/span><br style=\"color: #0c1014;font-family: -apple-system, BlinkMacSystemFont, &#039;Segoe UI&#039;, Roboto, Helvetica, Arial, sans-serif;font-size: 14px\" \/><br style=\"color: #0c1014;font-family: -apple-system, BlinkMacSystemFont, &#039;Segoe UI&#039;, Roboto, Helvetica, Arial, sans-serif;font-size: 14px\" \/><span style=\"color: #0c1014;font-family: -apple-system, BlinkMacSystemFont, &#039;Segoe UI&#039;, Roboto, Helvetica, Arial, sans-serif;font-size: 14px\">\u00a1Los esperamos!<\/span><\/p>\n","protected":false},"excerpt":{"rendered":"<p>\u00a1Se viene la 4ta Edici\u00f3n de la Expo Agua! A trav\u00e9s del programa educativo de la Cooperativa, realizamos de manera anual una exposici\u00f3n, en la que las distintas instituciones educativas de la ciudad de R\u00edo Ceballos y la regi\u00f3n presentan proyectos e investigaciones cuyo eje principal es el uso, cuidado, promoci\u00f3n y preservaci\u00f3n del AGUA [&hellip;]<\/p>\n","protected":false},"author":2,"featured_media":236543,"comment_status":"open","ping_status":"open","sticky":false,"template":"","format":"standard","meta":{"_acf_changed":false,"_et_pb_use_builder":"","_et_pb_old_content":"","_et_gb_content_width":"","footnotes":""},"categories":[1],"tags":[],"class_list":["post-236544","post","type-post","status-publish","format-standard","has-post-thumbnail","hentry","category-informacion"],"acf":[],"_links":{"self":[{"href":"https:\/\/cooprc.com.ar\/v1\/wp-json\/wp\/v2\/posts\/236544","targetHints":{"allow":["GET"]}}],"collection":[{"href":"https:\/\/cooprc.com.ar\/v1\/wp-json\/wp\/v2\/posts"}],"about":[{"href":"https:\/\/cooprc.com.ar\/v1\/wp-json\/wp\/v2\/types\/post"}],"author":[{"embeddable":true,"href":"https:\/\/cooprc.com.ar\/v1\/wp-json\/wp\/v2\/users\/2"}],"replies":[{"embeddable":true,"href":"https:\/\/cooprc.com.ar\/v1\/wp-json\/wp\/v2\/comments?post=236544"}],"version-history":[{"count":2,"href":"https:\/\/cooprc.com.ar\/v1\/wp-json\/wp\/v2\/posts\/236544\/revisions"}],"predecessor-version":[{"id":236546,"href":"https:\/\/cooprc.com.ar\/v1\/wp-json\/wp\/v2\/posts\/236544\/revisions\/236546"}],"wp:featuredmedia":[{"embeddable":true,"href":"https:\/\/cooprc.com.ar\/v1\/wp-json\/wp\/v2\/media\/236543"}],"wp:attachment":[{"href":"https:\/\/cooprc.com.ar\/v1\/wp-json\/wp\/v2\/media?parent=236544"}],"wp:term":[{"taxonomy":"category","embeddable":true,"href":"https:\/\/cooprc.com.ar\/v1\/wp-json\/wp\/v2\/categories?post=236544"},{"taxonomy":"post_tag","embeddable":true,"href":"https:\/\/cooprc.com.ar\/v1\/wp-json\/wp\/v2\/tags?post=236544"}],"curies":[{"name":"wp","href":"https:\/\/api.w.org\/{rel}","templated":true}]}}